{"id":40867,"date":"2025-07-15T13:41:15","date_gmt":"2025-07-15T13:41:15","guid":{"rendered":"https:\/\/infotec06.ghsvids.org\/rmeza01\/?p=40867"},"modified":"2026-07-15T11:41:18","modified_gmt":"2026-07-15T11:41:18","slug":"den-framtida-av-digital-design-i-sverige-trender-utmaningar-och-mojligheter","status":"publish","type":"post","link":"https:\/\/infotec06.ghsvids.org\/rmeza01\/2025\/07\/15\/den-framtida-av-digital-design-i-sverige-trender-utmaningar-och-mojligheter\/","title":{"rendered":"Den Framtida av Digital Design i Sverige: Trender, Utmaningar och M\u00f6jligheter"},"content":{"rendered":"<p>I en digital era d\u00e4r anv\u00e4ndarupplevelse och visuell kommunikation \u00e4r avg\u00f6rande f\u00f6r varum\u00e4rkesidentitet, st\u00e5r Sverige inf\u00f6r en sp\u00e4nnande period av innovation inom digital design. Fr\u00e5n startup-scenen i Stockholm till etablerade svenska f\u00f6retag \u2014 f\u00f6rst\u00e5elsen f\u00f6r hur digitala gr\u00e4nssnitt och designstrategier utvecklas blir nyckeln till att beh\u00e5lla konkurrenskraften. Denna artikel utforskar de senaste trenderna, utmaningarna och m\u00f6jligheterna f\u00f6r digital design i Sverige, och hur f\u00f6retag kan ligga i framkant i denna snabbr\u00f6rliga bransch.<\/p>\n<h2>Digital Design: En Spegel av Svensk Innovationskraft<\/h2>\n<p>Svensk digital design pr\u00e4glas av stark anv\u00e4ndarcentrering, h\u00e5llbarhetsfokus och en vilja att kombinera funktionalitet med estetisk sk\u00f6nhet. Enligt den senaste studien fr\u00e5n Svensk Digital Designers R\u00e5d (2023) visar data att mer \u00e4n 65% av svenska f\u00f6retag prioriterar anv\u00e4ndarupplevelse (UX) i sina digitala strategier, vilket \u00e4r en toppniv\u00e5 j\u00e4mf\u00f6rt med europeiska genomsnittet p\u00e5 52%. Detta understryker Sveriges ledande roll inom design och innovation p\u00e5 den internationella arenan.<\/p>\n<h2>Trender som Formar Framtiden f\u00f6r Digitala Plattformar<\/h2>\n<ul>\n<li><strong>Responsiv och Adaptiv Design:<\/strong> Med \u00f6kningen av mobila anv\u00e4ndare, \u00e4r responsiv design oumb\u00e4rligt f\u00f6r att skapa s\u00f6ml\u00f6sa upplevelser. F\u00f6retag som implementerar adaptiv design kan skr\u00e4ddarsy gr\u00e4nssnitt baserat p\u00e5 enhet, vilket \u00f6kar engagemang och konvertering.<\/li>\n<li><strong>AI-driven Design:<\/strong> Artificiell intelligens till\u00e5ter automatisering av visuella element och personlig anpassning. F\u00f6rest\u00e4ll dig ett e-handelsgr\u00e4nssnitt som analyserar anv\u00e4ndarbeteende i realtid f\u00f6r att visa relevanta produkter.<\/li>\n<li><strong>Animering och Microinteractions:<\/strong> Sm\u00e5 r\u00f6relser f\u00f6rb\u00e4ttrar anv\u00e4ndarinteraktionen, och \u00e4r s\u00e4rskilt framtr\u00e4dande i onboarding-processer eller i spelifierade sammanhang.<\/li>\n<\/ul>\n<h2>Utmaningar f\u00f6r Svenska Digitala Designer och F\u00f6retag<\/h2>\n<table>\n<thead>\n<tr>\n<th>Utmaning<\/th>\n<th>Beskrivning<\/th>\n<th>Strategi<\/th>\n<\/tr>\n<\/thead>\n<tbody>\n<tr>\n<td>H\u00e5llbarhet i Designprocessen<\/td>\n<td>Balansen mellan estetiska innovationer och milj\u00f6m\u00e4ssig ansvarstagande \u00e4r ofta en sv\u00e5r balansg\u00e5ng.<\/td>\n<td>Implementera gr\u00f6n teknik och h\u00e5llbara material, samt utbilda designteam i cirkul\u00e4r designprinciper.<\/td>\n<\/tr>\n<tr>\n<td>Kulturell Anpassning<\/td>\n<td>Svensk design \u00e4r ofta minimalistisk och funktionell, men universell anpassning kr\u00e4ver f\u00f6rst\u00e5else f\u00f6r olika m\u00e5lgruppers kulturella preferenser.<\/td>\n<td>Anpassa designprinciper efter regionala kontexter och anv\u00e4ndartester f\u00f6r att maximera relevans.<\/td>\n<\/tr>\n<tr>\n<td>Teknologisk Snabbhet<\/td>\n<td>Snabb utveckling av nya verktyg och plattformar kr\u00e4ver kontinuerlig kompetensutveckling.<\/td>\n<td>Investera i utbildning och collaborativa n\u00e4tverk f\u00f6r att h\u00e5lla teamet uppdaterat.<\/td>\n<\/tr>\n<\/tbody>\n<\/table>\n<h2>Expertinsikt: S\u00e4kra framg\u00e5ng i en f\u00f6r\u00e4nderlig marknad<\/h2>\n<p>Att beh\u00e4rska digital design kr\u00e4ver mer \u00e4n kreativitet; det kr\u00e4ver strategisk f\u00f6rst\u00e5else f\u00f6r teknologiska trender, anv\u00e4ndarbeteende och aff\u00e4rsm\u00e5l. Svenska f\u00f6retag som aktivt integrerar data-driven design och anv\u00e4nder sig av avancerade verktyg som maskininl\u00e4rning och augmented reality positionerar sig som ledande p\u00e5 den globala marknaden.<\/p>\n<blockquote><p>\n  &#8220;Framtidens digitala gr\u00e4nssnitt kommer att kretsa kring personalisering och naturlig interaktion. Att kunna till\u00e4mpa dessa principer kr\u00e4ver en djup f\u00f6rst\u00e5else f\u00f6r b\u00e5de teknik och m\u00e4nskligt beteende.&#8221; \u2014 <span class=\"highlight\">Anna Svensson, Chief Design Officer<\/span>\n<\/p><\/blockquote>\n<p>F\u00f6r att f\u00f6rdjupa sig i den svenska digitala designscenen och f\u00e5 inspiration, kan man med f\u00f6rdel bes\u00f6ka sidan <a href=\"https:\/\/le-cowboy.se\/\">bes\u00f6k sidan<\/a>. D\u00e4r finns exempel p\u00e5 innovativa designl\u00f6sningar, case studies och verktyg som speglar den svenska kreativa kraften och framtidstro.<\/p>\n<h2>Sammanfattning<\/h2>\n<p>Det svenska digitala ekosystemet st\u00e5r inf\u00f6r en fascinerande utveckling som kombinerar avancerad teknik, h\u00e5llbarhetsm\u00e5l och kulturell k\u00e4nslighet. F\u00f6r att ligga i framkant kr\u00e4vs en kombination av teknisk kompetens och strategisk vision. Digital design \u00e4r inte l\u00e4ngre bara ett till\u00e4gg, utan en nyckelfaktor f\u00f6r f\u00f6retagens tillv\u00e4xt och innovation. Att f\u00f6rst\u00e5 trenderna, utmaningarna och m\u00f6jligheterna \u00e4r avg\u00f6rande, och f\u00f6r den som vill f\u00f6rdjupa sig \u00e4nnu mer, \u00e4r rekommendationen att bes\u00f6ka sidan bes\u00f6k sidan f\u00f6r v\u00e4rdefulla insikter och exempel p\u00e5 svensk design i v\u00e4rldsklass.<\/p>\n<div class=\"footer\">\n<p>\u00a9 2024 Premium Digitaljournalistik | Alla r\u00e4ttigheter reserverade<\/p>\n<\/div>\n","protected":false},"excerpt":{"rendered":"<p>I en digital era d\u00e4r anv\u00e4ndarupplevelse och visuell kommunikation \u00e4r avg\u00f6rande f\u00f6r varum\u00e4rkesidentitet, st\u00e5r Sverige inf\u00f6r en sp\u00e4nnande period av innovation inom digital design. Fr\u00e5n startup-scenen i Stockholm till etablerade svenska f\u00f6retag \u2014 f\u00f6rst\u00e5elsen f\u00f6r hur digitala gr\u00e4nssnitt och designstrategier utvecklas blir nyckeln till att beh\u00e5lla konkurrenskraften. Denna artikel utforskar de senaste trenderna, utmaningarna och &hellip; <a href=\"https:\/\/infotec06.ghsvids.org\/rmeza01\/2025\/07\/15\/den-framtida-av-digital-design-i-sverige-trender-utmaningar-och-mojligheter\/\" class=\"more-link\">Continue reading <span class=\"screen-reader-text\">Den Framtida av Digital Design i Sverige: Trender, Utmaningar och M\u00f6jligheter<\/span> <span class=\"meta-nav\">&rarr;<\/span><\/a><\/p>\n","protected":false},"author":1,"featured_media":0,"comment_status":"open","ping_status":"open","sticky":false,"template":"","format":"standard","meta":{"pagelayer_contact_templates":[],"_pagelayer_content":"","footnotes":""},"categories":[1],"tags":[],"class_list":["post-40867","post","type-post","status-publish","format-standard","hentry","category-uncategorized"],"_links":{"self":[{"href":"https:\/\/infotec06.ghsvids.org\/rmeza01\/wp-json\/wp\/v2\/posts\/40867","targetHints":{"allow":["GET"]}}],"collection":[{"href":"https:\/\/infotec06.ghsvids.org\/rmeza01\/wp-json\/wp\/v2\/posts"}],"about":[{"href":"https:\/\/infotec06.ghsvids.org\/rmeza01\/wp-json\/wp\/v2\/types\/post"}],"author":[{"embeddable":true,"href":"https:\/\/infotec06.ghsvids.org\/rmeza01\/wp-json\/wp\/v2\/users\/1"}],"replies":[{"embeddable":true,"href":"https:\/\/infotec06.ghsvids.org\/rmeza01\/wp-json\/wp\/v2\/comments?post=40867"}],"version-history":[{"count":1,"href":"https:\/\/infotec06.ghsvids.org\/rmeza01\/wp-json\/wp\/v2\/posts\/40867\/revisions"}],"predecessor-version":[{"id":40868,"href":"https:\/\/infotec06.ghsvids.org\/rmeza01\/wp-json\/wp\/v2\/posts\/40867\/revisions\/40868"}],"wp:attachment":[{"href":"https:\/\/infotec06.ghsvids.org\/rmeza01\/wp-json\/wp\/v2\/media?parent=40867"}],"wp:term":[{"taxonomy":"category","embeddable":true,"href":"https:\/\/infotec06.ghsvids.org\/rmeza01\/wp-json\/wp\/v2\/categories?post=40867"},{"taxonomy":"post_tag","embeddable":true,"href":"https:\/\/infotec06.ghsvids.org\/rmeza01\/wp-json\/wp\/v2\/tags?post=40867"}],"curies":[{"name":"wp","href":"https:\/\/api.w.org\/{rel}","templated":true}]}}